{"id":1699,"date":"2025-09-15T08:41:48","date_gmt":"2025-09-15T08:41:48","guid":{"rendered":"https:\/\/deiman4finance.eu\/2025\/09\/15\/project-meeting-in-milan\/"},"modified":"2026-07-31T09:07:52","modified_gmt":"2026-07-31T09:07:52","slug":"project-meeting-in-milan","status":"publish","type":"post","link":"http:\/\/deiman4finance.eu\/es\/2025\/09\/15\/project-meeting-in-milan\/","title":{"rendered":"Reuni\u00f3n del proyecto en Mil\u00e1n"},"content":{"rendered":"<!--themify_builder_content-->\n<div id=\"themify_builder_content-1699\" data-postid=\"1699\" class=\"themify_builder_content themify_builder_content-1699 themify_builder tf_clear\">\n                    <div  data-lazy=\"1\" class=\"module_row themify_builder_row tb_w14b548 tb_first tf_w\">\n                        <div class=\"row_inner col_align_top tb_col_count_1 tf_box tf_rel\">\n                        <div  data-lazy=\"1\" class=\"module_column tb-column col-full tb_r9cr548 first\">\n                    <!-- module text -->\n<div  class=\"module module-text tb_uyld19   \" data-lazy=\"1\">\n        <div  class=\"tb_text_wrap\">\n        <p>El equipo responsable del proyecto <strong>DEIMAN4Finance<\/strong> se reuni\u00f3 esta semana en <strong>Mil\u00e1n, Italia<\/strong>, para inaugurar oficialmente la temporada de oto\u00f1o con una fant\u00e1stica <strong>reuni\u00f3n transnacional de socios<\/strong>.<\/p>\n<p>Esta <strong>segunda reuni\u00f3n<\/strong> entre los socios, celebrada los d\u00edas <strong>8 y 9 de septiembre de 2025<\/strong>, no solo fue sumamente agradable, sino tambi\u00e9n <strong>extraordinariamente productiva<\/strong>.<\/p>\n<p>Durante los \u00faltimos meses, todos los socios han colaborado en el desarrollo de una <strong>metodolog\u00eda integral sobre diversidad, equidad e inclusi\u00f3n<\/strong>, adaptada al <strong>sector financiero<\/strong>.<br \/>\nEste marco servir\u00e1 de base para una plataforma educativa que proporcionar\u00e1 a los mandos intermedios <strong>materiales de aprendizaje gratuitos, accesibles y f\u00e1ciles de utilizar.<\/strong><\/p>\n<p>Despu\u00e9s de esta reuni\u00f3n, podemos afirmar con seguridad que <strong>lo mejor est\u00e1 a\u00fan por llegar.<\/strong><br \/>\nAs\u00ed que <strong>mant\u00e9nganse atentos<\/strong>, ya que comenzaremos a compartir nuestro trabajo con un p\u00fablico m\u00e1s amplio.<\/p>\n<p>Queremos expresar un agradecimiento especial a <strong>la organizaci\u00f3n anfitriona y coordinadora<\/strong> del proyecto, <strong>Falco&#038;Associati Education<\/strong>. Su equipo de expertos se asegur\u00f3 de que todos los profesionales participantes se sintieran valorados y completamente c\u00f3modos durante los debates.<\/p>\n<p>Los socios participantes representan a siete organizaciones de diferentes pa\u00edses de la Uni\u00f3n Europea:<\/p>\n<p><a href=\"https:\/\/falcoeassociati.it\/en\/\" target=\"_blank\" rel=\"noopener\">Falco&#038;Associati Education<\/a> (coordinador, Italia) <a href=\"https:\/\/cbe.be\/en\/\" target=\"_blank\" rel=\"noopener\">Coop\u00e9ration Bancaire pour l&#8217;Europe<\/a> (B\u00e9lgica) <a href=\"https:\/\/www.iefweb.org\/ca\/\" target=\"_blank\" rel=\"noopener\">Institut d\u2019Estudis Financers<\/a> (Espa\u00f1a) <a href=\"http:\/\/www.idec.gr\" target=\"_blank\" rel=\"noopener\">IDEC S.A.<\/a> (Grecia) <a href=\"https:\/\/eud.eu\/\" target=\"_blank\" rel=\"noopener\">Uni\u00f3n Europea de Personas Sordas<\/a> (B\u00e9lgica) <a href=\"https:\/\/emphasyscentre.com\/\" target=\"_blank\" rel=\"noopener\">Emphasys Centre<\/a> (Chipre) <a href=\"https:\/\/interartfoundation.org\/\" target=\"_blank\" rel=\"noopener\">InterArt Foundation<\/a> (Bulgaria)<\/p>\n    <\/div>\n<\/div>\n<!-- \/module text --><!-- module image -->\n<div  class=\"module module-image tb_5ltz162 image-top   tf_mw\" data-lazy=\"1\">\n        <div class=\"image-wrap tf_rel tf_mw\">\n            <img loading=\"lazy\" decoding=\"async\" width=\"1254\" height=\"1254\" src=\"http:\/\/deiman4finance.eu\/wp-content\/uploads\/2026\/07\/c9dd13cb-368a-4a8b-9acc-2c76480cd0c5.png\" class=\"wp-post-image wp-image-1718\" title=\"c9dd13cb-368a-4a8b-9acc-2c76480cd0c5\" alt=\"c9dd13cb-368a-4a8b-9acc-2c76480cd0c5\" srcset=\"http:\/\/deiman4finance.eu\/wp-content\/uploads\/2026\/07\/c9dd13cb-368a-4a8b-9acc-2c76480cd0c5.png 1254w, http:\/\/deiman4finance.eu\/wp-content\/uploads\/2026\/07\/c9dd13cb-368a-4a8b-9acc-2c76480cd0c5-300x300.png 300w, http:\/\/deiman4finance.eu\/wp-content\/uploads\/2026\/07\/c9dd13cb-368a-4a8b-9acc-2c76480cd0c5-1024x1024.png 1024w, http:\/\/deiman4finance.eu\/wp-content\/uploads\/2026\/07\/c9dd13cb-368a-4a8b-9acc-2c76480cd0c5-150x150.png 150w, http:\/\/deiman4finance.eu\/wp-content\/uploads\/2026\/07\/c9dd13cb-368a-4a8b-9acc-2c76480cd0c5-768x768.png 768w\" sizes=\"auto, (max-width: 1254px) 100vw, 1254px\" \/>    \n        <\/div>\n    <!-- \/image-wrap -->\n    \n        <\/div>\n<!-- \/module image -->        <\/div>\n                        <\/div>\n        <\/div>\n        <\/div>\n<!--\/themify_builder_content-->","protected":false},"excerpt":{"rendered":"<p>El equipo responsable del proyecto DEIMAN4Finance se reuni\u00f3 esta semana en Mil\u00e1n, Italia, para inaugurar oficialmente la temporada de oto\u00f1o con una fant\u00e1stica reuni\u00f3n transnacional de socios. Esta segunda reuni\u00f3n entre los socios, celebrada los d\u00edas 8 y 9 de septiembre de 2025, no solo fue sumamente agradable, sino tambi\u00e9n extraordinariamente productiva. Durante los \u00faltimos [&hellip;]<\/p>\n","protected":false},"author":1,"featured_media":1198,"comment_status":"closed","ping_status":"open","sticky":false,"template":"","format":"standard","meta":{"footnotes":""},"categories":[45],"tags":[],"class_list":["post-1699","post","type-post","status-publish","format-standard","has-post-thumbnail","hentry","category-journal-es","has-post-title","has-post-date","has-post-category","has-post-tag","has-post-comment","has-post-author",""],"builder_content":"<p>El equipo responsable del proyecto <strong>DEIMAN4Finance<\/strong> se reuni\u00f3 esta semana en <strong>Mil\u00e1n, Italia<\/strong>, para inaugurar oficialmente la temporada de oto\u00f1o con una fant\u00e1stica <strong>reuni\u00f3n transnacional de socios<\/strong>.<\/p> <p>Esta <strong>segunda reuni\u00f3n<\/strong> entre los socios, celebrada los d\u00edas <strong>8 y 9 de septiembre de 2025<\/strong>, no solo fue sumamente agradable, sino tambi\u00e9n <strong>extraordinariamente productiva<\/strong>.<\/p> <p>Durante los \u00faltimos meses, todos los socios han colaborado en el desarrollo de una <strong>metodolog\u00eda integral sobre diversidad, equidad e inclusi\u00f3n<\/strong>, adaptada al <strong>sector financiero<\/strong>.<br \/> Este marco servir\u00e1 de base para una plataforma educativa que proporcionar\u00e1 a los mandos intermedios <strong>materiales de aprendizaje gratuitos, accesibles y f\u00e1ciles de utilizar.<\/strong><\/p> <p>Despu\u00e9s de esta reuni\u00f3n, podemos afirmar con seguridad que <strong>lo mejor est\u00e1 a\u00fan por llegar.<\/strong><br \/> As\u00ed que <strong>mant\u00e9nganse atentos<\/strong>, ya que comenzaremos a compartir nuestro trabajo con un p\u00fablico m\u00e1s amplio.<\/p> <p>Queremos expresar un agradecimiento especial a <strong>la organizaci\u00f3n anfitriona y coordinadora<\/strong> del proyecto, <strong>Falco&Associati Education<\/strong>. Su equipo de expertos se asegur\u00f3 de que todos los profesionales participantes se sintieran valorados y completamente c\u00f3modos durante los debates.<\/p> <p>Los socios participantes representan a siete organizaciones de diferentes pa\u00edses de la Uni\u00f3n Europea:<\/p> <p><a href=\"https:\/\/falcoeassociati.it\/en\/\" target=\"_blank\" rel=\"noopener\">Falco&Associati Education<\/a> (coordinador, Italia) <a href=\"https:\/\/cbe.be\/en\/\" target=\"_blank\" rel=\"noopener\">Coop\u00e9ration Bancaire pour l'Europe<\/a> (B\u00e9lgica) <a href=\"https:\/\/www.iefweb.org\/ca\/\" target=\"_blank\" rel=\"noopener\">Institut d\u2019Estudis Financers<\/a> (Espa\u00f1a) <a href=\"http:\/\/www.idec.gr\" target=\"_blank\" rel=\"noopener\">IDEC S.A.<\/a> (Grecia) <a href=\"https:\/\/eud.eu\/\" target=\"_blank\" rel=\"noopener\">Uni\u00f3n Europea de Personas Sordas<\/a> (B\u00e9lgica) <a href=\"https:\/\/emphasyscentre.com\/\" target=\"_blank\" rel=\"noopener\">Emphasys Centre<\/a> (Chipre) <a href=\"https:\/\/interartfoundation.org\/\" target=\"_blank\" rel=\"noopener\">InterArt Foundation<\/a> (Bulgaria)<\/p>\n<img src=\"http:\/\/deiman4finance.eu\/wp-content\/uploads\/2026\/07\/c9dd13cb-368a-4a8b-9acc-2c76480cd0c5.png\" title=\"c9dd13cb-368a-4a8b-9acc-2c76480cd0c5\" alt=\"c9dd13cb-368a-4a8b-9acc-2c76480cd0c5\" srcset=\"http:\/\/deiman4finance.eu\/wp-content\/uploads\/2026\/07\/c9dd13cb-368a-4a8b-9acc-2c76480cd0c5.png 1254w, http:\/\/deiman4finance.eu\/wp-content\/uploads\/2026\/07\/c9dd13cb-368a-4a8b-9acc-2c76480cd0c5-300x300.png 300w, http:\/\/deiman4finance.eu\/wp-content\/uploads\/2026\/07\/c9dd13cb-368a-4a8b-9acc-2c76480cd0c5-1024x1024.png 1024w, http:\/\/deiman4finance.eu\/wp-content\/uploads\/2026\/07\/c9dd13cb-368a-4a8b-9acc-2c76480cd0c5-150x150.png 150w, http:\/\/deiman4finance.eu\/wp-content\/uploads\/2026\/07\/c9dd13cb-368a-4a8b-9acc-2c76480cd0c5-768x768.png 768w\" sizes=\"(max-width: 1254px) 100vw, 1254px\" \/>","_links":{"self":[{"href":"http:\/\/deiman4finance.eu\/es\/wp-json\/wp\/v2\/posts\/1699","targetHints":{"allow":["GET"]}}],"collection":[{"href":"http:\/\/deiman4finance.eu\/es\/wp-json\/wp\/v2\/posts"}],"about":[{"href":"http:\/\/deiman4finance.eu\/es\/wp-json\/wp\/v2\/types\/post"}],"author":[{"embeddable":true,"href":"http:\/\/deiman4finance.eu\/es\/wp-json\/wp\/v2\/users\/1"}],"replies":[{"embeddable":true,"href":"http:\/\/deiman4finance.eu\/es\/wp-json\/wp\/v2\/comments?post=1699"}],"version-history":[{"count":5,"href":"http:\/\/deiman4finance.eu\/es\/wp-json\/wp\/v2\/posts\/1699\/revisions"}],"predecessor-version":[{"id":1720,"href":"http:\/\/deiman4finance.eu\/es\/wp-json\/wp\/v2\/posts\/1699\/revisions\/1720"}],"wp:featuredmedia":[{"embeddable":true,"href":"http:\/\/deiman4finance.eu\/es\/wp-json\/wp\/v2\/media\/1198"}],"wp:attachment":[{"href":"http:\/\/deiman4finance.eu\/es\/wp-json\/wp\/v2\/media?parent=1699"}],"wp:term":[{"taxonomy":"category","embeddable":true,"href":"http:\/\/deiman4finance.eu\/es\/wp-json\/wp\/v2\/categories?post=1699"},{"taxonomy":"post_tag","embeddable":true,"href":"http:\/\/deiman4finance.eu\/es\/wp-json\/wp\/v2\/tags?post=1699"}],"curies":[{"name":"wp","href":"https:\/\/api.w.org\/{rel}","templated":true}]}}